{"id":1834,"date":"2025-07-30T13:45:44","date_gmt":"2025-07-30T12:45:44","guid":{"rendered":"https:\/\/www.agglomed.com\/?p=1834"},"modified":"2025-08-01T10:26:20","modified_gmt":"2025-08-01T09:26:20","slug":"sa-majeste-daouda-zouale-gong-lara-en-visitea-berlin-allemagne","status":"publish","type":"post","link":"https:\/\/www.agglomed.com\/?p=1834","title":{"rendered":"Sa Majest\u00e9 Daouda ZOUA, le Gong Lara en visite \u00e0 Berlin-Allemagne."},"content":{"rendered":"<p>[et_pb_section fb_built=\u00a0\u00bb1&Prime; admin_label=\u00a0\u00bbHero\u00a0\u00bb _builder_version=\u00a0\u00bb4.27.4&Prime; _module_preset=\u00a0\u00bbdefault\u00a0\u00bb locked=\u00a0\u00bboff\u00a0\u00bb collapsed=\u00a0\u00bboff\u00a0\u00bb global_colors_info=\u00a0\u00bb{}\u00a0\u00bb theme_builder_area=\u00a0\u00bbpost_content\u00a0\u00bb][et_pb_row column_structure=\u00a0\u00bb1_2,1_2&Prime; _builder_version=\u00a0\u00bb4.27.4&Prime; _module_preset=\u00a0\u00bb5138c454-be54-4233-bd3b-f8e6a8747976&Prime; locked=\u00a0\u00bboff\u00a0\u00bb global_colors_info=\u00a0\u00bb{}\u00a0\u00bb theme_builder_area=\u00a0\u00bbpost_content\u00a0\u00bb][et_pb_column type=\u00a0\u00bb1_2&Prime; _builder_version=\u00a0\u00bb4.23.1&Prime; _module_preset=\u00a0\u00bb73121f80-a3ef-4484-8763-c3f18e3c56d2&Prime; global_colors_info=\u00a0\u00bb{}\u00a0\u00bb theme_builder_area=\u00a0\u00bbpost_content\u00a0\u00bb][et_pb_heading title=\u00a0\u00bbTourn\u00e9e europ\u00e9enne\u00a0\u00bb _builder_version=\u00a0\u00bb4.27.4&Prime; _module_preset=\u00a0\u00bbf0c675ea-2574-4d0e-b725-30f8550a8550&Prime; title_level=\u00a0\u00bbh4&Prime; title_font=\u00a0\u00bbProza Libre|Cormorant Garamond_weight||on|||||\u00a0\u00bb title_text_color=\u00a0\u00bb#22577a\u00a0\u00bb title_font_size=\u00a0\u00bb14px\u00a0\u00bb title_letter_spacing=\u00a0\u00bb1px\u00a0\u00bb title_line_height=\u00a0\u00bb1.4em\u00a0\u00bb custom_margin=\u00a0\u00bb||10px||false|false\u00a0\u00bb title_font_size_tablet=\u00a0\u00bb13px\u00a0\u00bb title_font_size_phone=\u00a0\u00bb13px\u00a0\u00bb title_font_size_last_edited=\u00a0\u00bbon|desktop\u00a0\u00bb locked=\u00a0\u00bboff\u00a0\u00bb global_colors_info=\u00a0\u00bb{%22#22577a%22:%91%22title_text_color%22%93}\u00a0\u00bb theme_builder_area=\u00a0\u00bbpost_content\u00a0\u00bb][\/et_pb_heading][et_pb_heading title=\u00a0\u00bbSa Majest\u00e9 Daouda ZOUA,<br \/>\nle Gong Lara en visite<br \/>\n\u00e0 Berlin-Allemagne.\u00a0\u00bb _builder_version=\u00a0\u00bb4.27.4&Prime; _module_preset=\u00a0\u00bbddeb8c09-9078-4424-bc15-2efb6572e28e\u00a0\u00bb title_font=\u00a0\u00bbCormorant Garamond|Cormorant Garamond_weight|||||||\u00a0\u00bb title_text_color=\u00a0\u00bb#0e0c19&Prime; title_font_size=\u00a0\u00bb23px\u00a0\u00bb title_line_height=\u00a0\u00bb1.15em\u00a0\u00bb title_font_size_tablet=\u00a0\u00bb40px\u00a0\u00bb title_font_size_phone=\u00a0\u00bb24px\u00a0\u00bb title_font_size_last_edited=\u00a0\u00bbon|phone\u00a0\u00bb locked=\u00a0\u00bboff\u00a0\u00bb global_colors_info=\u00a0\u00bb{}\u00a0\u00bb theme_builder_area=\u00a0\u00bbpost_content\u00a0\u00bb][\/et_pb_heading][et_pb_text quote_border_color=\u00a0\u00bb#57cc99&Prime; _builder_version=\u00a0\u00bb4.27.4&Prime; _module_preset=\u00a0\u00bb2c55a9c4-feed-423b-9edb-ae0b5b365cac\u00a0\u00bb text_font=\u00a0\u00bbProza Libre|Proza Libre_weight|||||||\u00a0\u00bb text_text_color=\u00a0\u00bb#3c3a47&Prime; text_font_size=\u00a0\u00bb16px\u00a0\u00bb text_line_height=\u00a0\u00bb1.75em\u00a0\u00bb link_font=\u00a0\u00bb|Proza Libre_weight|||||||\u00a0\u00bb link_text_color=\u00a0\u00bb#22577a\u00a0\u00bb quote_font=\u00a0\u00bbCormorant Garamond|Cormorant Garamond_weight|||||||\u00a0\u00bb quote_text_color=\u00a0\u00bb#0e0c19&Prime; header_font=\u00a0\u00bbCormorant Garamond|Cormorant Garamond_weight|||||||\u00a0\u00bb header_text_color=\u00a0\u00bb#0e0c19&Prime; header_font_size=\u00a0\u00bb72px\u00a0\u00bb header_line_height=\u00a0\u00bb1.15em\u00a0\u00bb header_2_font=\u00a0\u00bbCormorant Garamond|Cormorant Garamond_weight|||||||\u00a0\u00bb header_2_text_color=\u00a0\u00bb#0e0c19&Prime; header_2_font_size=\u00a0\u00bb50px\u00a0\u00bb header_2_line_height=\u00a0\u00bb1.2em\u00a0\u00bb header_3_font=\u00a0\u00bbCormorant Garamond|Cormorant Garamond_weight|||||||\u00a0\u00bb header_3_text_color=\u00a0\u00bb#0e0c19&Prime; header_3_font_size=\u00a0\u00bb32px\u00a0\u00bb header_3_line_height=\u00a0\u00bb1.3em\u00a0\u00bb header_4_font=\u00a0\u00bbCormorant Garamond|Cormorant Garamond_weight|||||||\u00a0\u00bb header_4_text_color=\u00a0\u00bb#0e0c19&Prime; header_4_font_size=\u00a0\u00bb24px\u00a0\u00bb header_4_line_height=\u00a0\u00bb1.4em\u00a0\u00bb header_5_font=\u00a0\u00bbCormorant Garamond|Cormorant Garamond_weight|||||||\u00a0\u00bb header_5_text_color=\u00a0\u00bb#0e0c19&Prime; header_5_font_size=\u00a0\u00bb18px\u00a0\u00bb header_5_line_height=\u00a0\u00bb1.4em\u00a0\u00bb header_6_font=\u00a0\u00bbCormorant Garamond|Cormorant Garamond_weight|||||||\u00a0\u00bb header_6_text_color=\u00a0\u00bb#0e0c19&Prime; header_6_line_height=\u00a0\u00bb1.5em\u00a0\u00bb custom_margin=\u00a0\u00bb||||false|false\u00a0\u00bb text_font_size_tablet=\u00a0\u00bb15px\u00a0\u00bb text_font_size_phone=\u00a0\u00bb14px\u00a0\u00bb text_font_size_last_edited=\u00a0\u00bbon|phone\u00a0\u00bb header_font_size_tablet=\u00a0\u00bb40px\u00a0\u00bb header_font_size_phone=\u00a0\u00bb24px\u00a0\u00bb header_font_size_last_edited=\u00a0\u00bbon|desktop\u00a0\u00bb header_2_font_size_tablet=\u00a0\u00bb28px\u00a0\u00bb header_2_font_size_phone=\u00a0\u00bb20px\u00a0\u00bb header_2_font_size_last_edited=\u00a0\u00bbon|phone\u00a0\u00bb header_3_font_size_tablet=\u00a0\u00bb22px\u00a0\u00bb header_3_font_size_phone=\u00a0\u00bb17px\u00a0\u00bb header_3_font_size_last_edited=\u00a0\u00bbon|phone\u00a0\u00bb header_4_font_size_tablet=\u00a0\u00bb18px\u00a0\u00bb header_4_font_size_phone=\u00a0\u00bb15px\u00a0\u00bb header_4_font_size_last_edited=\u00a0\u00bbon|tablet\u00a0\u00bb header_5_font_size_tablet=\u00a0\u00bb15px\u00a0\u00bb header_5_font_size_phone=\u00a0\u00bb14px\u00a0\u00bb header_5_font_size_last_edited=\u00a0\u00bbon|desktop\u00a0\u00bb header_6_font_size_tablet=\u00a0\u00bb13px\u00a0\u00bb header_6_font_size_phone=\u00a0\u00bb13px\u00a0\u00bb header_6_font_size_last_edited=\u00a0\u00bbon|desktop\u00a0\u00bb locked=\u00a0\u00bboff\u00a0\u00bb global_colors_info=\u00a0\u00bb{}\u00a0\u00bb theme_builder_area=\u00a0\u00bbpost_content\u00a0\u00bb]<\/p>\n<p><i>Le Chef de Premier Degr\u00e9 du Canton de Lara-Ka\u00e9l\u00e9 en tourn\u00e9e europ\u00e9enne : une \u00e9tape marquante en Allemagne sous le signe du dialogue et de la valorisation des traditions africaines<\/i><\/p>\n<p><i>Accueilli avec honneurs par l&rsquo;Ambassadeur du Cameroun en Allemagne S.E Victor NDOKI, Sa Majest\u00e9 le Gong Daouda ZOUA renforce les liens culturels et diplomatiques entre le Cameroun traditionnel et la diaspora.<\/i><\/p>\n<p data-start=\"213\" data-end=\"448\" class=\"\">\n<p data-start=\"213\" data-end=\"448\" class=\"\">\n<p>[\/et_pb_text][et_pb_blurb use_icon=\u00a0\u00bbon\u00a0\u00bb _builder_version=\u00a0\u00bb4.27.4&Prime; _module_preset=\u00a0\u00bbdefault\u00a0\u00bb global_colors_info=\u00a0\u00bb{}\u00a0\u00bb theme_builder_area=\u00a0\u00bbpost_content\u00a0\u00bb]<\/p>\n<p><b>Berlin, Allemagne \u2013<\/b> Dans le cadre d\u2019une tourn\u00e9e europ\u00e9enne plac\u00e9e sous le signe de la diplomatie culturelle et de la valorisation du patrimoine africain, Sa Majest\u00e9 le Chef de Premier Degr\u00e9 du canton de Lara-Ka\u00e9l\u00e9, dans la r\u00e9gion de l\u2019Extr\u00eame-Nord du Cameroun, a effectu\u00e9 une visite particuli\u00e8rement remarqu\u00e9e en Allemagne. Ce d\u00e9placement s\u2019est inscrit dans une s\u00e9rie d\u2019initiatives visant \u00e0 renforcer les liens entre les autorit\u00e9s traditionnelles camerounaises et les communaut\u00e9s de la diaspora, tout en stimulant le dialogue interculturel avec les partenaires europ\u00e9ens.<\/p>\n<p><b>Une r\u00e9ception solennelle \u00e0 l\u2019Ambassade du Cameroun \u00e0 Berlin<\/b><\/p>\n<p>La s\u00e9quence la plus marquante de cette visite fut la r\u00e9ception \u00e0 l\u2019Ambassade du Cameroun \u00e0 Berlin, o\u00f9 Sa Majest\u00e9 le Gong Lara a \u00e9t\u00e9 chaleureusement accueilli par Son Excellence l\u2019Ambassadeur du Cameroun en R\u00e9publique F\u00e9d\u00e9rale d\u2019Allemagne. Dans une atmosph\u00e8re empreinte de respect mutuel, l\u2019Ambassadeur, connu pour sa profonde sensibilit\u00e9 aux valeurs culturelles africaines, a tenu \u00e0 honorer la pr\u00e9sence du dignitaire traditionnel Mundang<\/p>\n<p>\u00ab Recevoir un Chef traditionnel de cette envergure est un moment de fiert\u00e9 et d\u2019\u00e9motion. C\u2019est la preuve que notre diplomatie ne se limite pas aux affaires d\u2019\u00c9tat, mais qu\u2019elle embrasse pleinement la diversit\u00e9 et la richesse de notre h\u00e9ritage culturel \u00bb, a d\u00e9clar\u00e9 l\u2019Ambassadeur dans sa prise de parole.<\/p>\n<p><b>Une tourn\u00e9e aux objectifs multiples<\/b><\/p>\n<p>Outre la rencontre diplomatique, cette tourn\u00e9e europ\u00e9enne a permis \u00e0 Sa Majest\u00e9 de s\u2019entretenir avec des membres influents de la diaspora camerounaise, des responsables associatifs, ainsi que des universitaires et chercheurs sp\u00e9cialis\u00e9s dans les questions de gouvernance traditionnelle, d\u2019identit\u00e9 culturelle et de d\u00e9veloppement local.<\/p>\n<p>Par cette tourn\u00e9e, le Gong Lara entendait \u00e9galement attirer l\u2019attention des partenaires internationaux sur les enjeux socio-\u00e9conomiques de sa communaut\u00e9, notamment en mati\u00e8re d\u2019acc\u00e8s \u00e0 l\u2019eau potable, \u00e0 l\u2019\u00e9ducation, \u00e0 la sant\u00e9 et \u00e0 la pr\u00e9servation du patrimoine immat\u00e9riel du peuple Mundang.<\/p>\n<p><b>Une symbolique forte : tradition et modernit\u00e9 en dialogue<\/b><\/p>\n<p>Ce d\u00e9placement, hautement symbolique, illustre le r\u00f4le essentiel que les autorit\u00e9s traditionnelles peuvent jouer dans le dialogue global sur les questions de d\u00e9veloppement durable, de coh\u00e9sion sociale et de diplomatie culturelle. En \u00e9tablissant un pont entre le village et la m\u00e9tropole, entre l\u2019Afrique ancestrale et l\u2019Europe contemporaine, Sa Majest\u00e9 incarne une figure de m\u00e9diation et d\u2019\u00e9quilibre entre tradition et modernit\u00e9.<\/p>\n<p>Dans ses diff\u00e9rentes prises de parole, le Chef a rappel\u00e9 l\u2019importance de pr\u00e9server l\u2019identit\u00e9 culturelle dans un monde en constante mutation. Il a \u00e9galement lanc\u00e9 un appel aux jeunes de la diaspora \u00e0 ne pas oublier leurs racines, et \u00e0 participer activement au d\u00e9veloppement de leurs terroirs d\u2019origine.<\/p>\n<p><b>Perspectives et engagements<\/b><\/p>\n<p>\u00c0 l\u2019issue de cette \u00e9tape berlinoise, plusieurs perspectives de collaboration ont \u00e9t\u00e9 \u00e9voqu\u00e9es, notamment dans le domaine de la coop\u00e9ration d\u00e9centralis\u00e9e, du jumelage entre collectivit\u00e9s locales et de la promotion touristique et culturelle du canton de Lara-Ka\u00e9l\u00e9. Des projets concrets sont en cours d\u2019\u00e9tude, port\u00e9s par une volont\u00e9 commune de faire de la culture un levier strat\u00e9gique du d\u00e9veloppement.<\/p>\n<p>La tourn\u00e9e a \u00e9galement concern\u00e9 d\u2019autres pays europ\u00e9ens, avec des haltes en France, en Belgique et aux Pays-Bas, o\u00f9 Sa Majest\u00e9 a port\u00e9 la voix des traditions face \u00e0 la modernit\u00e9.<\/p>\n<p>En alliant sagesse ancestrale et diplomatie moderne, le Chef de Premier Degr\u00e9 de Lara-Ka\u00e9l\u00e9 rappelle que les racines profondes peuvent nourrir les plus grandes ambitions pour l\u2019avenir.<\/p>\n<p>[\/et_pb_blurb][\/et_pb_column][et_pb_column type=\u00a0\u00bb1_2&Prime; _builder_version=\u00a0\u00bb4.23.1&Prime; _module_preset=\u00a0\u00bb73121f80-a3ef-4484-8763-c3f18e3c56d2&Prime; global_colors_info=\u00a0\u00bb{}\u00a0\u00bb theme_builder_area=\u00a0\u00bbpost_content\u00a0\u00bb][et_pb_image src=\u00a0\u00bbhttp:\/\/www.agglomed.com\/wp-content\/uploads\/2025\/07\/Le-Gong-Lara-a-Berlin.png\u00a0\u00bb title_text=\u00a0\u00bbLe Gong Lara \u00e0 Berlin\u00a0\u00bb _builder_version=\u00a0\u00bb4.27.4&Prime; _module_preset=\u00a0\u00bb1cc6152f-565c-4c4d-b0c9-cf8c9576c341&Prime; hover_enabled=\u00a0\u00bb0&Prime; border_radii=\u00a0\u00bbon|6px|6px|6px|6px\u00a0\u00bb box_shadow_style=\u00a0\u00bbpreset4&Prime; box_shadow_horizontal=\u00a0\u00bb0px\u00a0\u00bb box_shadow_vertical=\u00a0\u00bb24px\u00a0\u00bb box_shadow_blur=\u00a0\u00bb72px\u00a0\u00bb box_shadow_spread=\u00a0\u00bb-12px\u00a0\u00bb box_shadow_color=\u00a0\u00bbrgba(0,0,0,0.12)\u00a0\u00bb locked=\u00a0\u00bboff\u00a0\u00bb global_colors_info=\u00a0\u00bb{}\u00a0\u00bb theme_builder_area=\u00a0\u00bbpost_content\u00a0\u00bb sticky_enabled=\u00a0\u00bb0&Prime;][\/et_pb_image][et_pb_image src=\u00a0\u00bbhttp:\/\/www.agglomed.com\/wp-content\/uploads\/2025\/07\/Gong-Ambass.jpg\u00a0\u00bb title_text=\u00a0\u00bbGong Ambass\u00a0\u00bb _builder_version=\u00a0\u00bb4.27.4&Prime; _module_preset=\u00a0\u00bb1cc6152f-565c-4c4d-b0c9-cf8c9576c341&Prime; border_radii=\u00a0\u00bbon|6px|6px|6px|6px\u00a0\u00bb box_shadow_style=\u00a0\u00bbpreset4&Prime; box_shadow_horizontal=\u00a0\u00bb0px\u00a0\u00bb box_shadow_vertical=\u00a0\u00bb24px\u00a0\u00bb box_shadow_blur=\u00a0\u00bb72px\u00a0\u00bb box_shadow_spread=\u00a0\u00bb-12px\u00a0\u00bb box_shadow_color=\u00a0\u00bbrgba(0,0,0,0.12)\u00a0\u00bb locked=\u00a0\u00bboff\u00a0\u00bb global_colors_info=\u00a0\u00bb{}\u00a0\u00bb theme_builder_area=\u00a0\u00bbpost_content\u00a0\u00bb][\/et_pb_image][et_pb_video src=\u00a0\u00bbhttps:\/\/youtu.be\/Wkfmr8JI-tE?si=DmzuTX8UktLoKGcB\u00a0\u00bb _builder_version=\u00a0\u00bb4.27.4&Prime; _module_preset=\u00a0\u00bbdefault\u00a0\u00bb global_colors_info=\u00a0\u00bb{}\u00a0\u00bb theme_builder_area=\u00a0\u00bbpost_content\u00a0\u00bb][\/et_pb_video][\/et_pb_column][\/et_pb_row][\/et_pb_section][et_pb_section fb_built=\u00a0\u00bb1&Prime; admin_label=\u00a0\u00bbCall to Action\u00a0\u00bb _builder_version=\u00a0\u00bb4.17.6&Prime; _module_preset=\u00a0\u00bbdefault\u00a0\u00bb custom_padding=\u00a0\u00bb1px|||||\u00a0\u00bb locked=\u00a0\u00bboff\u00a0\u00bb collapsed=\u00a0\u00bbon\u00a0\u00bb global_colors_info=\u00a0\u00bb{}\u00a0\u00bb theme_builder_area=\u00a0\u00bbpost_content\u00a0\u00bb][et_pb_row _builder_version=\u00a0\u00bb4.17.6&Prime; _module_preset=\u00a0\u00bb5138c454-be54-4233-bd3b-f8e6a8747976&Prime; global_colors_info=\u00a0\u00bb{}\u00a0\u00bb theme_builder_area=\u00a0\u00bbpost_content\u00a0\u00bb][et_pb_column type=\u00a0\u00bb4_4&Prime; _builder_version=\u00a0\u00bb4.16&Prime; _module_preset=\u00a0\u00bb73121f80-a3ef-4484-8763-c3f18e3c56d2&Prime; global_colors_info=\u00a0\u00bb{}\u00a0\u00bb theme_builder_area=\u00a0\u00bbpost_content\u00a0\u00bb][et_pb_image src=\u00a0\u00bbhttp:\/\/www.agglomed.com\/wp-content\/uploads\/2025\/07\/20250728_105800-scaled.jpg\u00a0\u00bb title_text=\u00a0\u00bb20250728_105800&Prime; _builder_version=\u00a0\u00bb4.27.4&Prime; _module_preset=\u00a0\u00bb6ed8fd5c-62c5-4100-98c3-7b8b6d2c2ee6&Prime; border_radii=\u00a0\u00bbon|6px|6px|6px|6px\u00a0\u00bb global_colors_info=\u00a0\u00bb{}\u00a0\u00bb theme_builder_area=\u00a0\u00bbpost_content\u00a0\u00bb][\/et_pb_image][\/et_pb_column][\/et_pb_row][\/et_pb_section]<\/p>\n","protected":false},"excerpt":{"rendered":"<p>Le Chef de Premier Degr\u00e9 du Canton de Lara-Ka\u00e9l\u00e9 en tourn\u00e9e europ\u00e9enne : une \u00e9tape marquante en Allemagne sous le signe du dialogue et de la valorisation des traditions africaines Accueilli avec honneurs par l&rsquo;Ambassadeur du Cameroun en Allemagne S.E Victor NDOKI, Sa Majest\u00e9 le Gong Daouda ZOUA renforce les liens culturels et diplomatiques entre [&hellip;]<\/p>\n","protected":false},"author":1,"featured_media":0,"comment_status":"open","ping_status":"open","sticky":false,"template":"","format":"aside","meta":{"_et_pb_use_builder":"on","_et_pb_old_content":"","_et_gb_content_width":"","footnotes":""},"categories":[10,9,23],"tags":[],"class_list":["post-1834","post","type-post","status-publish","format-aside","hentry","category-actualite","category-arts-de-la-scene","category-cultures-societes","post_format-post-format-aside"],"_links":{"self":[{"href":"https:\/\/www.agglomed.com\/index.php?rest_route=\/wp\/v2\/posts\/1834","targetHints":{"allow":["GET"]}}],"collection":[{"href":"https:\/\/www.agglomed.com\/index.php?rest_route=\/wp\/v2\/posts"}],"about":[{"href":"https:\/\/www.agglomed.com\/index.php?rest_route=\/wp\/v2\/types\/post"}],"author":[{"embeddable":true,"href":"https:\/\/www.agglomed.com\/index.php?rest_route=\/wp\/v2\/users\/1"}],"replies":[{"embeddable":true,"href":"https:\/\/www.agglomed.com\/index.php?rest_route=%2Fwp%2Fv2%2Fcomments&post=1834"}],"version-history":[{"count":10,"href":"https:\/\/www.agglomed.com\/index.php?rest_route=\/wp\/v2\/posts\/1834\/revisions"}],"predecessor-version":[{"id":1861,"href":"https:\/\/www.agglomed.com\/index.php?rest_route=\/wp\/v2\/posts\/1834\/revisions\/1861"}],"wp:attachment":[{"href":"https:\/\/www.agglomed.com\/index.php?rest_route=%2Fwp%2Fv2%2Fmedia&parent=1834"}],"wp:term":[{"taxonomy":"category","embeddable":true,"href":"https:\/\/www.agglomed.com\/index.php?rest_route=%2Fwp%2Fv2%2Fcategories&post=1834"},{"taxonomy":"post_tag","embeddable":true,"href":"https:\/\/www.agglomed.com\/index.php?rest_route=%2Fwp%2Fv2%2Ftags&post=1834"}],"curies":[{"name":"wp","href":"https:\/\/api.w.org\/{rel}","templated":true}]}}