{"id":2391,"date":"2026-03-13T18:59:40","date_gmt":"2026-03-13T17:59:40","guid":{"rendered":"https:\/\/www.agglomed.com\/?p=2391"},"modified":"2026-03-13T18:59:40","modified_gmt":"2026-03-13T17:59:40","slug":"17eme-edition-du-salon-africain-de-lecrivain","status":"publish","type":"post","link":"https:\/\/www.agglomed.com\/?p=2391","title":{"rendered":"17\u00e8me \u00e9dition du Salon africain de l\u2019\u00e9crivain,\u00a0"},"content":{"rendered":"<p>[et_pb_section fb_built=\u00a0\u00bb1&Prime; _builder_version=\u00a0\u00bb4.27.4&Prime; _module_preset=\u00a0\u00bbdefault\u00a0\u00bb global_colors_info=\u00a0\u00bb{}\u00a0\u00bb theme_builder_area=\u00a0\u00bbet_body_layout\u00a0\u00bb][et_pb_row column_structure=\u00a0\u00bb1_3,2_3&Prime; _builder_version=\u00a0\u00bb4.27.4&Prime; _module_preset=\u00a0\u00bbdefault\u00a0\u00bb global_colors_info=\u00a0\u00bb{}\u00a0\u00bb theme_builder_area=\u00a0\u00bbet_body_layout\u00a0\u00bb][et_pb_column type=\u00a0\u00bb1_3&Prime; _builder_version=\u00a0\u00bb4.27.4&Prime; _module_preset=\u00a0\u00bbdefault\u00a0\u00bb global_colors_info=\u00a0\u00bb{}\u00a0\u00bb theme_builder_area=\u00a0\u00bbet_body_layout\u00a0\u00bb][et_pb_image src=\u00a0\u00bbhttp:\/\/www.agglomed.com\/wp-content\/uploads\/2026\/03\/Ecri.avenir-2026-jan-scaled.png\u00a0\u00bb title_text=\u00a0\u00bbEcri.avenir-2026-jan.\u00a0\u00bb _builder_version=\u00a0\u00bb4.27.6&Prime; _module_preset=\u00a0\u00bbdefault\u00a0\u00bb hover_enabled=\u00a0\u00bb0&Prime; global_colors_info=\u00a0\u00bb{}\u00a0\u00bb theme_builder_area=\u00a0\u00bbet_body_layout\u00a0\u00bb sticky_enabled=\u00a0\u00bb0&Prime;][\/et_pb_image][\/et_pb_column][et_pb_column type=\u00a0\u00bb2_3&Prime; _builder_version=\u00a0\u00bb4.27.4&Prime; _module_preset=\u00a0\u00bbdefault\u00a0\u00bb global_colors_info=\u00a0\u00bb{}\u00a0\u00bb theme_builder_area=\u00a0\u00bbet_body_layout\u00a0\u00bb][et_pb_text _builder_version=\u00a0\u00bb4.27.4&Prime; _module_preset=\u00a0\u00bbdefault\u00a0\u00bb global_colors_info=\u00a0\u00bb{}\u00a0\u00bb theme_builder_area=\u00a0\u00bbet_body_layout\u00a0\u00bb]<\/p>\n<h3>\u00a0<b>17\u00e8me \u00e9dition du Salon africain de l\u2019\u00e9crivain,<span class=\"Apple-converted-space\">\u00a0<\/span><\/b><\/h3>\n<p>&nbsp;<\/p>\n<p>Le Salon africain de l\u2019\u00e9crivain s\u2019est tenu du <b>16 janvier au 3 f\u00e9vrier 2026<\/b> dans les villes de <b>Yaound\u00e9 et Maroua (Cameroun)<\/b>. Cet \u00e9v\u00e9nement culturel avait pour objectif de promouvoir la litt\u00e9rature africaine et de cr\u00e9er un espace d\u2019\u00e9changes entre \u00e9crivains, \u00e9diteurs, universitaires, artistes et lecteurs venus de divers horizons.<span class=\"Apple-converted-space\">\u00a0<\/span><\/p>\n<p>Le programme a d\u00e9but\u00e9 par une <b>semaine de r\u00e9sidences litt\u00e9raires et d\u2019ateliers d\u2019\u00e9criture<\/b>, destin\u00e9s aussi bien aux auteurs confirm\u00e9s qu\u2019aux jeunes aspirants \u00e9crivains. Des activit\u00e9s \u00e9ducatives et solidaires, notamment des ateliers et animations dans un orphelinat, ont \u00e9galement \u00e9t\u00e9 organis\u00e9es.<span class=\"Apple-converted-space\">\u00a0<\/span><\/p>\n<p>La deuxi\u00e8me phase du salon, organis\u00e9e entre <b>le 26 janvier et le 3 f\u00e9vrier<\/b>, a \u00e9t\u00e9 marqu\u00e9e par des <b>conf\u00e9rences, tables rondes, rencontres avec les \u00e9diteurs et s\u00e9ances de d\u00e9dicaces<\/b>, favorisant le dialogue autour de la cr\u00e9ativit\u00e9 et de la diversit\u00e9 des voix litt\u00e9raires africaines.<span class=\"Apple-converted-space\">\u00a0<\/span><\/p>\n<p>Au terme de cette \u00e9dition, le Salon africain de l\u2019\u00e9crivain a confirm\u00e9 son r\u00f4le de <b>plateforme majeure de valorisation de la pens\u00e9e et de la cr\u00e9ation litt\u00e9raire africaines<\/b>, tout en renfor\u00e7ant les liens entre auteurs, institutions culturelles et public.<\/p>\n<blockquote data-start=\"1015\" data-end=\"1198\">\n<p data-start=\"1017\" data-end=\"1198\">\n<p data-start=\"1017\" data-end=\"1198\">\n<\/blockquote>\n<p>[\/et_pb_text][\/et_pb_column][\/et_pb_row][et_pb_row _builder_version=\u00a0\u00bb4.27.4&Prime; _module_preset=\u00a0\u00bbdefault\u00a0\u00bb global_colors_info=\u00a0\u00bb{}\u00a0\u00bb theme_builder_area=\u00a0\u00bbet_body_layout\u00a0\u00bb][et_pb_column type=\u00a0\u00bb4_4&Prime; _builder_version=\u00a0\u00bb4.27.4&Prime; _module_preset=\u00a0\u00bbdefault\u00a0\u00bb global_colors_info=\u00a0\u00bb{}\u00a0\u00bb theme_builder_area=\u00a0\u00bbet_body_layout\u00a0\u00bb][et_pb_image src=\u00a0\u00bbhttp:\/\/www.agglomed.com\/wp-content\/uploads\/2025\/12\/Affiche-Salon-Bande-scaled.png\u00a0\u00bb title_text=\u00a0\u00bbAffiche-Salon-Bande\u00a0\u00bb _builder_version=\u00a0\u00bb4.27.6&Prime; _module_preset=\u00a0\u00bbdefault\u00a0\u00bb hover_enabled=\u00a0\u00bb0&Prime; global_colors_info=\u00a0\u00bb{}\u00a0\u00bb theme_builder_area=\u00a0\u00bbet_body_layout\u00a0\u00bb sticky_enabled=\u00a0\u00bb0&Prime;][\/et_pb_image][\/et_pb_column][\/et_pb_row][\/et_pb_section]<\/p>\n","protected":false},"excerpt":{"rendered":"<p>\u00a017\u00e8me \u00e9dition du Salon africain de l\u2019\u00e9crivain,\u00a0 &nbsp; Le Salon africain de l\u2019\u00e9crivain s\u2019est tenu du 16 janvier au 3 f\u00e9vrier 2026 dans les villes de Yaound\u00e9 et Maroua (Cameroun). Cet \u00e9v\u00e9nement culturel avait pour objectif de promouvoir la litt\u00e9rature africaine et de cr\u00e9er un espace d\u2019\u00e9changes entre \u00e9crivains, \u00e9diteurs, universitaires, artistes et lecteurs venus [&hellip;]<\/p>\n","protected":false},"author":1,"featured_media":0,"comment_status":"open","ping_status":"open","sticky":false,"template":"","format":"aside","meta":{"_et_pb_use_builder":"on","_et_pb_old_content":"","_et_gb_content_width":"","footnotes":""},"categories":[10],"tags":[],"class_list":["post-2391","post","type-post","status-publish","format-aside","hentry","category-actualite","post_format-post-format-aside"],"_links":{"self":[{"href":"https:\/\/www.agglomed.com\/index.php?rest_route=\/wp\/v2\/posts\/2391","targetHints":{"allow":["GET"]}}],"collection":[{"href":"https:\/\/www.agglomed.com\/index.php?rest_route=\/wp\/v2\/posts"}],"about":[{"href":"https:\/\/www.agglomed.com\/index.php?rest_route=\/wp\/v2\/types\/post"}],"author":[{"embeddable":true,"href":"https:\/\/www.agglomed.com\/index.php?rest_route=\/wp\/v2\/users\/1"}],"replies":[{"embeddable":true,"href":"https:\/\/www.agglomed.com\/index.php?rest_route=%2Fwp%2Fv2%2Fcomments&post=2391"}],"version-history":[{"count":3,"href":"https:\/\/www.agglomed.com\/index.php?rest_route=\/wp\/v2\/posts\/2391\/revisions"}],"predecessor-version":[{"id":2396,"href":"https:\/\/www.agglomed.com\/index.php?rest_route=\/wp\/v2\/posts\/2391\/revisions\/2396"}],"wp:attachment":[{"href":"https:\/\/www.agglomed.com\/index.php?rest_route=%2Fwp%2Fv2%2Fmedia&parent=2391"}],"wp:term":[{"taxonomy":"category","embeddable":true,"href":"https:\/\/www.agglomed.com\/index.php?rest_route=%2Fwp%2Fv2%2Fcategories&post=2391"},{"taxonomy":"post_tag","embeddable":true,"href":"https:\/\/www.agglomed.com\/index.php?rest_route=%2Fwp%2Fv2%2Ftags&post=2391"}],"curies":[{"name":"wp","href":"https:\/\/api.w.org\/{rel}","templated":true}]}}